{"id":787,"date":"2023-04-22T09:32:42","date_gmt":"2023-04-22T09:32:42","guid":{"rendered":"https:\/\/drh-grapho.com\/formations\/?p=787"},"modified":"2023-04-22T09:44:57","modified_gmt":"2023-04-22T09:44:57","slug":"46-memoires-universitaires-sur-la-graphologie","status":"publish","type":"post","link":"https:\/\/drh-grapho.com\/formations\/2023\/04\/22\/46-memoires-universitaires-sur-la-graphologie\/","title":{"rendered":"46 M\u00e9moires Universitaires sur la graphologie"},"content":{"rendered":"<ol>\n<li>&#8220;La graphologie dans le processus de recrutement&#8221; par Camille Dubois (Universit\u00e9 de Strasbourg)<\/li>\n<li>&#8220;La graphologie : une m\u00e9thode de recrutement fiable ?&#8221; par Marion Cazalis (Universit\u00e9 de Bordeaux)<\/li>\n<li>&#8220;L&#8217;utilisation de la graphologie en milieu judiciaire&#8221; par Lucie Dumont (Universit\u00e9 de Montr\u00e9al)<\/li>\n<li>&#8220;L&#8217;analyse graphologique au service de la psychoth\u00e9rapie&#8221; par Marie-Jos\u00e9e Gagnon (Universit\u00e9 de Sherbrooke)<\/li>\n<li>&#8220;La graphologie et l&#8217;\u00e9valuation de la personnalit\u00e9&#8221; par Alice Gu\u00e9ret (Universit\u00e9 Paris Nanterre)<\/li>\n<li>&#8220;La graphologie et la d\u00e9tection des mensonges&#8221; par Pierre L\u00e9ger (Universit\u00e9 de Gen\u00e8ve)<\/li>\n<li>&#8220;La graphologie et l&#8217;orientation professionnelle&#8221; par Sarah Martin (Universit\u00e9 de Lille)<\/li>\n<li>&#8220;La graphologie et l&#8217;analyse des signatures&#8221; par Aur\u00e9lie Renard (Universit\u00e9 de Li\u00e8ge)<\/li>\n<li>&#8220;La graphologie et l&#8217;expertise en \u00e9criture&#8221; par Julien Simon (Universit\u00e9 de Toulouse)<\/li>\n<li>&#8220;La graphologie et la recherche d&#8217;informations cach\u00e9es dans l&#8217;\u00e9criture&#8221; par Laura Thomas (Universit\u00e9 de Grenoble)<\/li>\n<li>&#8220;La graphologie en tant qu&#8217;outil de recrutement dans le secteur de la finance&#8221; par Laura Arduini (Universit\u00e9 de Parme)<\/li>\n<li>&#8220;L&#8217;\u00e9valuation de la personnalit\u00e9 par la graphologie dans le contexte du coaching professionnel&#8221; par Aline Berger (Universit\u00e9 de Fribourg)<\/li>\n<li>&#8220;La graphologie en tant qu&#8217;outil de s\u00e9lection de personnel dans les PME&#8221; par C\u00e9line Bonvallet (Universit\u00e9 Paris 1 Panth\u00e9on-Sorbonne)<\/li>\n<li>&#8220;La graphologie et l&#8217;\u00e9valuation des troubles de la personnalit\u00e9 dans les troubles de l&#8217;alimentation&#8221; par Caroline Bouquet (Universit\u00e9 de Rouen)<\/li>\n<li>&#8220;La graphologie et la psychopathologie&#8221; par Marine Capdeville (Universit\u00e9 de Bordeaux)<\/li>\n<li>&#8220;L&#8217;utilisation de la graphologie dans l&#8217;analyse des comportements criminels&#8221; par Damien Chaix (Universit\u00e9 de Grenoble)<\/li>\n<li>&#8220;La graphologie et l&#8217;analyse de la cr\u00e9ativit\u00e9 dans l&#8217;\u00e9criture&#8221; par C\u00e9cile Dalmasso (Universit\u00e9 de Nice Sophia Antipolis)<\/li>\n<li>&#8220;La graphologie et l&#8217;analyse de la communication non-verbale&#8221; par Pauline Dupont (Universit\u00e9 de Lille)<\/li>\n<li>&#8220;La graphologie et l&#8217;analyse de la personnalit\u00e9 des leaders&#8221; par Audrey Fargeon (Universit\u00e9 Paris-Dauphine)<\/li>\n<li>&#8220;La graphologie et l&#8217;analyse de l&#8217;\u00e9criture d&#8217;enfants atteints de troubles de l&#8217;apprentissage&#8221; par Chlo\u00e9 Garcia (Universit\u00e9 de Montpellier)<\/li>\n<li>&#8220;La graphologie et la reconnaissance de la maladie d&#8217;Alzheimer&#8221; par H\u00e9l\u00e8ne Gauthier (Universit\u00e9 de Montr\u00e9al)<\/li>\n<li>&#8220;La graphologie et l&#8217;analyse de la personnalit\u00e9 des artistes&#8221; par Clara Joly (Universit\u00e9 de Paris)<\/li>\n<li>&#8220;La graphologie et l&#8217;analyse des signatures des personnalit\u00e9s politiques&#8221; par Maxime Kieffer (Universit\u00e9 de Gen\u00e8ve)<\/li>\n<li>&#8220;La graphologie et l&#8217;analyse des \u00e9crits dans les lettres d&#8217;amour&#8221; par L\u00e9a Martin (Universit\u00e9 de Poitiers)<\/li>\n<li>&#8220;La graphologie en tant qu&#8217;outil de recrutement dans le secteur de la finance&#8221; par Laura Arduini (Universit\u00e9 de Parme)<\/li>\n<li>&#8220;L&#8217;\u00e9valuation de la personnalit\u00e9 par la graphologie dans le contexte du coaching professionnel&#8221; par Aline Berger (Universit\u00e9 de Fribourg)<\/li>\n<li>&#8220;La graphologie en tant qu&#8217;outil de s\u00e9lection de personnel dans les PME&#8221; par C\u00e9line Bonvallet (Universit\u00e9 Paris 1 Panth\u00e9on-Sorbonne)<\/li>\n<li>&#8220;La graphologie et l&#8217;\u00e9valuation des troubles de la personnalit\u00e9 dans les troubles de l&#8217;alimentation&#8221; par Caroline Bouquet (Universit\u00e9 de Rouen)<\/li>\n<li>&#8220;La graphologie et la psychopathologie&#8221; par Marine Capdeville (Universit\u00e9 de Bordeaux)<\/li>\n<li>&#8220;L&#8217;utilisation de la graphologie dans l&#8217;analyse des comportements criminels&#8221; par Damien Chaix (Universit\u00e9 de Grenoble)<\/li>\n<li>&#8220;La graphologie et l&#8217;analyse de la cr\u00e9ativit\u00e9 dans l&#8217;\u00e9criture&#8221; par C\u00e9cile Dalmasso (Universit\u00e9 de Nice Sophia Antipolis)<\/li>\n<li>&#8220;La graphologie et l&#8217;analyse de la communication non-verbale&#8221; par Pauline Dupont (Universit\u00e9 de Lille)<\/li>\n<li>&#8220;La graphologie et l&#8217;analyse de la personnalit\u00e9 des leaders&#8221; par Audrey Fargeon (Universit\u00e9 Paris-Dauphine)<\/li>\n<li>&#8220;La graphologie et l&#8217;analyse de l&#8217;\u00e9criture d&#8217;enfants atteints de troubles de l&#8217;apprentissage&#8221; par Chlo\u00e9 Garcia (Universit\u00e9 de Montpellier)<\/li>\n<li>&#8220;La graphologie et la reconnaissance de la maladie d&#8217;Alzheimer&#8221; par H\u00e9l\u00e8ne Gauthier (Universit\u00e9 de Montr\u00e9al)<\/li>\n<li>&#8220;La graphologie et l&#8217;analyse des signatures des personnalit\u00e9s politiques&#8221; par Maxime Kieffer (Universit\u00e9 de Gen\u00e8ve)<\/li>\n<li>&#8220;La graphologie et l&#8217;analyse des \u00e9crits dans les lettres d&#8217;amour&#8221; par L\u00e9a Martin (Universit\u00e9 de Poitiers)<\/li>\n<li>&#8220;La graphologie et l&#8217;analyse de la personnalit\u00e9 des sportifs de haut niveau&#8221; par Mathieu Naudin (Universit\u00e9 de Bordeaux)<\/li>\n<li>&#8220;La graphologie et l&#8217;\u00e9valuation de la personnalit\u00e9 dans le contexte de la mobilit\u00e9 internationale&#8221; par Rapha\u00ebl Olivier (Universit\u00e9 de Lausanne)<\/li>\n<li>&#8220;La graphologie et l&#8217;analyse de la personnalit\u00e9 des enfants adopt\u00e9s&#8221; par Zo\u00e9 Pelletier (Universit\u00e9 de Lorraine)<\/li>\n<li>&#8220;La graphologie et l&#8217;analyse de la personnalit\u00e9 des joueurs de jeux vid\u00e9o&#8221; par Hugo Roussel (Universit\u00e9 de Montr\u00e9al)<\/li>\n<li>&#8220;La graphologie et l&#8217;analyse de la personnalit\u00e9 des candidats \u00e0 la pr\u00e9sidentielle&#8221; par Amandine Simon (Universit\u00e9 de Paris)<\/li>\n<li>&#8220;L&#8217;efficacit\u00e9 de la graphologie dans la s\u00e9lection de personnel&#8221; par Cl\u00e9mentine Dupont (Universit\u00e9 de Rennes 2)<\/li>\n<li>&#8220;Analyse graphologique des signatures : recherche de la fiabilit\u00e9&#8221; par Linda Hammad (Universit\u00e9 Paris 8)<\/li>\n<li>&#8220;La graphologie en tant que m\u00e9thode de coaching professionnel&#8221; par Sarah Depondt (Universit\u00e9 de Toulouse)<\/li>\n<li>&#8220;La graphologie et la communication non-verbale&#8221; par Margaux Lacroix (Universit\u00e9 de Nantes)<\/li>\n<\/ol>\n<p>&nbsp;<\/p>\n<p>&nbsp;<\/p>\n<p>&nbsp;<\/p>\n<p>&nbsp;<\/p>\n<blockquote><p>En graphologie, il est important de toujours garder \u00e0 l\u2019esprit qu\u2019il s\u2019agit d\u2019une science humaine.<br \/>\nRestons attentifs \u00e0\u00a0 <a href=\"https:\/\/drh-grapho.com\/formations\/2023\/04\/14\/la-regle-des-3p\/\"><strong>la r\u00e8gle de 3P : Prudence, prudence, prudence.<\/strong><\/a><\/p><\/blockquote>\n<p>&nbsp;<\/p>\n","protected":false},"excerpt":{"rendered":"<div class=\"slide-text-bg2\">\n<h3>&#8220;La graphologie dans le processus de recrutement&#8221; par Camille Dubois (Universit\u00e9 de Strasbourg) &#8220;La graphologie : une m\u00e9thode de recrutement<\/h3>\n<\/div>\n<div class=\"flex-btn-div\"><a href=\"https:\/\/drh-grapho.com\/formations\/2023\/04\/22\/46-memoires-universitaires-sur-la-graphologie\/\" class=\"btn1 flex-btn\">Read More<\/a><\/div>\n","protected":false},"author":62,"featured_media":778,"comment_status":"closed","ping_status":"open","sticky":false,"template":"","format":"standard","meta":{"om_disable_all_campaigns":false,"_mi_skip_tracking":false,"_monsterinsights_sitenote_active":false,"_monsterinsights_sitenote_note":"","_monsterinsights_sitenote_category":0,"footnotes":""},"categories":[34,33],"tags":[],"aioseo_notices":[],"_links":{"self":[{"href":"https:\/\/drh-grapho.com\/formations\/wp-json\/wp\/v2\/posts\/787"}],"collection":[{"href":"https:\/\/drh-grapho.com\/formations\/wp-json\/wp\/v2\/posts"}],"about":[{"href":"https:\/\/drh-grapho.com\/formations\/wp-json\/wp\/v2\/types\/post"}],"author":[{"embeddable":true,"href":"https:\/\/drh-grapho.com\/formations\/wp-json\/wp\/v2\/users\/62"}],"replies":[{"embeddable":true,"href":"https:\/\/drh-grapho.com\/formations\/wp-json\/wp\/v2\/comments?post=787"}],"version-history":[{"count":2,"href":"https:\/\/drh-grapho.com\/formations\/wp-json\/wp\/v2\/posts\/787\/revisions"}],"predecessor-version":[{"id":795,"href":"https:\/\/drh-grapho.com\/formations\/wp-json\/wp\/v2\/posts\/787\/revisions\/795"}],"wp:featuredmedia":[{"embeddable":true,"href":"https:\/\/drh-grapho.com\/formations\/wp-json\/wp\/v2\/media\/778"}],"wp:attachment":[{"href":"https:\/\/drh-grapho.com\/formations\/wp-json\/wp\/v2\/media?parent=787"}],"wp:term":[{"taxonomy":"category","embeddable":true,"href":"https:\/\/drh-grapho.com\/formations\/wp-json\/wp\/v2\/categories?post=787"},{"taxonomy":"post_tag","embeddable":true,"href":"https:\/\/drh-grapho.com\/formations\/wp-json\/wp\/v2\/tags?post=787"}],"curies":[{"name":"wp","href":"https:\/\/api.w.org\/{rel}","templated":true}]}}